{"id":4050,"date":"2026-02-09T19:26:19","date_gmt":"2026-02-09T18:26:19","guid":{"rendered":"https:\/\/hamburg.fau.org\/?p=4050"},"modified":"2026-02-09T19:32:34","modified_gmt":"2026-02-09T18:32:34","slug":"wiedereinstellung-entlassener-gewerkschafter","status":"publish","type":"post","link":"https:\/\/hamburg.fau.org\/deutsch\/2026\/02\/09\/wiedereinstellung-entlassener-gewerkschafter\/","title":{"rendered":"Wiedereinstellung entlassener Gewerkschafter! &#8211; Arbeitskonflikt CNT Spanien vs. NH Hotels"},"content":{"rendered":"\n<p>Mehr als ein Jahr nach der Entlassung zweier Mitglieder der Betriebsgruppe der CNT Spanien in NH Hotels Barcelona, darunter auch der Gewerkschaftsvertreter, bleibt die Betriebsgruppe im Unternehmen aktiv und hat Erfolge erzielt, wie die Installation einer Klimaanlage in der K\u00fcche eines Hotels oder auch dass mehrere befristete Arbeitsvertr\u00e4ge in unbefristete umgewandelt wurden.<\/p>\n\n\n\n<p>Jetzt naht die Gerichtsverhandlung \u00fcber die Wiedereinstellung der entlassenen Kolleg:innen. Trotz der Drohung des Unternehmens, die Gewerkschaft k\u00f6nne ihre Aktionen nicht ein Jahr lang, bis zum Prozessbeginn, aufrechterhalten, wurden diese nicht nur beibehalten, sondern ausgeweitet \u2013 auch dank der Unterst\u00fctzung vieler Syndikate der CNT Spanien und mehrerer IKA-Gewerkschaften (IKA= International Confederation of Labor, unsere internationale F\u00f6deration). Vor dem Gerichtstermin am 25. M\u00e4rz 2026 ruft die CNT Spanien zu internationaler Solidarit\u00e4t auf, um den Druck auf NH Hotels zu erh\u00f6hen.<\/p>\n\n\n\n<!--more-->\n\n\n<div class=\"wp-block-image\">\n<figure class=\"aligncenter size-full\"><img loading=\"lazy\" decoding=\"async\" width=\"543\" height=\"768\" src=\"https:\/\/hamburg.fau.org\/wp-content\/uploads\/2026\/02\/CNT.jpeg\" alt=\"\" class=\"wp-image-4052\" srcset=\"https:\/\/hamburg.fau.org\/wp-content\/uploads\/2026\/02\/CNT.jpeg 543w, https:\/\/hamburg.fau.org\/wp-content\/uploads\/2026\/02\/CNT-212x300.jpeg 212w, https:\/\/hamburg.fau.org\/wp-content\/uploads\/2026\/02\/CNT-106x150.jpeg 106w, https:\/\/hamburg.fau.org\/wp-content\/uploads\/2026\/02\/CNT-8x12.jpeg 8w, https:\/\/hamburg.fau.org\/wp-content\/uploads\/2026\/02\/CNT-247x350.jpeg 247w\" sizes=\"auto, (max-width: 543px) 100vw, 543px\" \/><\/figure>\n<\/div>\n\n<div class=\"wp-block-image\">\n<figure class=\"aligncenter size-full\"><img loading=\"lazy\" decoding=\"async\" width=\"543\" height=\"768\" src=\"https:\/\/hamburg.fau.org\/wp-content\/uploads\/2026\/02\/CNT1.jpeg\" alt=\"\" class=\"wp-image-4051\" srcset=\"https:\/\/hamburg.fau.org\/wp-content\/uploads\/2026\/02\/CNT1.jpeg 543w, https:\/\/hamburg.fau.org\/wp-content\/uploads\/2026\/02\/CNT1-212x300.jpeg 212w, https:\/\/hamburg.fau.org\/wp-content\/uploads\/2026\/02\/CNT1-106x150.jpeg 106w, https:\/\/hamburg.fau.org\/wp-content\/uploads\/2026\/02\/CNT1-8x12.jpeg 8w, https:\/\/hamburg.fau.org\/wp-content\/uploads\/2026\/02\/CNT1-247x350.jpeg 247w\" sizes=\"auto, (max-width: 543px) 100vw, 543px\" \/><\/figure>\n<\/div>","protected":false},"excerpt":{"rendered":"<p>Mehr als ein Jahr nach der Entlassung zweier Mitglieder der Betriebsgruppe der CNT Spanien in NH Hotels Barcelona, darunter auch der Gewerkschaftsvertreter, bleibt die Betriebsgruppe im Unternehmen aktiv und hat Erfolge erzielt, wie die Installation einer Klimaanlage in der K\u00fcche eines Hotels oder auch dass mehrere befristete Arbeitsvertr\u00e4ge in unbefristete&#8230; <a class=\"continue-reading-link\" href=\"https:\/\/hamburg.fau.org\/deutsch\/2026\/02\/09\/wiedereinstellung-entlassener-gewerkschafter\/\">Weiterlesen<\/a><\/p>\n","protected":false},"author":11,"featured_media":0,"comment_status":"closed","ping_status":"","sticky":false,"template":"","format":"standard","meta":{"footnotes":""},"categories":[93,140],"tags":[132,183,181,182],"class_list":["post-4050","post","type-post","status-publish","format-standard","hentry","category-gewerkschaftliche-beratung","category-internationales","tag-cnt","tag-ika","tag-nh","tag-spain"],"_links":{"self":[{"href":"https:\/\/hamburg.fau.org\/deutsch\/wp-json\/wp\/v2\/posts\/4050","targetHints":{"allow":["GET"]}}],"collection":[{"href":"https:\/\/hamburg.fau.org\/deutsch\/wp-json\/wp\/v2\/posts"}],"about":[{"href":"https:\/\/hamburg.fau.org\/deutsch\/wp-json\/wp\/v2\/types\/post"}],"author":[{"embeddable":true,"href":"https:\/\/hamburg.fau.org\/deutsch\/wp-json\/wp\/v2\/users\/11"}],"replies":[{"embeddable":true,"href":"https:\/\/hamburg.fau.org\/deutsch\/wp-json\/wp\/v2\/comments?post=4050"}],"version-history":[{"count":3,"href":"https:\/\/hamburg.fau.org\/deutsch\/wp-json\/wp\/v2\/posts\/4050\/revisions"}],"predecessor-version":[{"id":4055,"href":"https:\/\/hamburg.fau.org\/deutsch\/wp-json\/wp\/v2\/posts\/4050\/revisions\/4055"}],"wp:attachment":[{"href":"https:\/\/hamburg.fau.org\/deutsch\/wp-json\/wp\/v2\/media?parent=4050"}],"wp:term":[{"taxonomy":"category","embeddable":true,"href":"https:\/\/hamburg.fau.org\/deutsch\/wp-json\/wp\/v2\/categories?post=4050"},{"taxonomy":"post_tag","embeddable":true,"href":"https:\/\/hamburg.fau.org\/deutsch\/wp-json\/wp\/v2\/tags?post=4050"}],"curies":[{"name":"wp","href":"https:\/\/api.w.org\/{rel}","templated":true}]}}